{"id":7514,"date":"2025-03-20T17:08:52","date_gmt":"2025-03-20T16:08:52","guid":{"rendered":"https:\/\/www.halleauxgrains.com\/site\/?p=7514"},"modified":"2025-03-21T14:11:06","modified_gmt":"2025-03-21T13:11:06","slug":"enquete-sur-les-pratiques-culturelles-a-la-scene-nationale-de-blois","status":"publish","type":"post","link":"https:\/\/www.halleauxgrains.com\/site\/enquete-sur-les-pratiques-culturelles-a-la-scene-nationale-de-blois\/","title":{"rendered":"ENQU\u00caTE SUR LES PRATIQUES CULTURELLES \u00c0 LA SC\u00c8NE NATIONALE DE BLOIS"},"content":{"rendered":"\n<p><strong>\u00ab&nbsp;Convivialit\u00e9 et attractivit\u00e9 \u00e0 l\u2019occasion de l\u2019ouverture<\/strong> <strong>du nouveau th\u00e9\u00e2tre \u00e0 l\u2019horizon 2028&nbsp;\u00bb<\/strong><\/p>\n\n\n\n<p>Chers publics,<\/p>\n\n\n\n<p>Depuis plus de trente ans, la Sc\u00e8ne nationale de Blois propose une programmation pluridisciplinaire \u2013 th\u00e9\u00e2tre, musique, danse&#8230; \u2013 \u00e0 la Halle aux Grains ainsi que sur l\u2019ensemble du territoire de Blois et de sa r\u00e9gion.<br>Fid\u00e8le \u00e0 son engagement, elle invite le public \u00e0 partager des moments d\u2019\u00e9motion artistique, \u00e0 d\u00e9couvrir des univers po\u00e9tiques et \u00e0 rencontrer des artistes d\u2019horizons vari\u00e9s. Son ambition : faire rayonner et conna\u00eetre les grandes r\u00e9f\u00e9rences de la cr\u00e9ation contemporaine, d\u00e9couvrir de nouveaux artistes et d\u00e9mocratiser la culture pour toutes et tous.<br>\u00c0 l\u2019aube d\u2019un nouveau chapitre avec l\u2019ouverture prochaine d\u2019un lieu d\u00e9di\u00e9 \u00e0 ses activit\u00e9s, la Sc\u00e8ne nationale lance une grande enqu\u00eate. Ce questionnaire s\u2019adresse \u00e0 vous, spectateurs et spectatrices, pour mieux comprendre vos pratiques culturelles, votre relation \u00e0 la programmation et \u00e0 la convivialit\u00e9 des lieux, ainsi que votre mani\u00e8re de vivre la culture.<\/p>\n\n\n\n<p><strong>Votre avis compte\u00a0!<\/strong> Prenez quelques minutes (5 min) pour r\u00e9pondre \u00e0 ce questionnaire et participez \u00e0 l\u2019\u00e9laboration de la future Sc\u00e8ne nationale de Blois. Il vous suffit >>> <a href=\"https:\/\/docs.google.com\/forms\/d\/e\/1FAIpQLSf5T51UMJjBoMJ18jaa_x8wjqKixEJh3SxFHCMz8rayDbGUOw\/viewform?usp=header\" target=\"_blank\" rel=\"noreferrer noopener\"><strong>de suivre ce lien<\/strong><\/a> et de vous laisser guider.<\/p>\n\n\n\n<p>Vous pouvez \u00e9galement le t\u00e9l\u00e9charger &gt;&gt;&gt; <a href=\"https:\/\/www.halleauxgrains.com\/2024\/EnquetePublique-SceneNationaleDeBlois.pdf\" target=\"_blank\" rel=\"noreferrer noopener\"><strong>en cliquant ici<\/strong><\/a>, ou le retirer \u00e0 l\u2019accueil-billetterie &gt;<a href=\"https:\/\/www.halleauxgrains.com\/site\/les-horaires-de-la-billetterie\/\" target=\"_blank\" rel=\"noreferrer noopener\">aux horaires d\u2019ouverture<\/a> et les soirs de spectacles puis le d\u00e9poser dans la bo\u00eete \u00e0 lettres.<\/p>\n\n\n\n<p>Enfin, si vous souhaitez le retourner par mail&nbsp;: <a href=\"mailto:lola@halleauxgrains.com\">lola@halleauxgrains.com<\/a>.<\/p>\n\n\n\n<p class=\"has-text-align-right\"><strong>Fr\u00e9d\u00e9ric Maragnani<\/strong><br><strong>Directeur de la Halle aux grains &#8211; Sc\u00e8ne nationale de Blois<\/strong><\/p>\n\n\n\n<p class=\"has-vivid-cyan-blue-color has-text-color has-link-color wp-elements-e07f65ce50e2c0ed6eaee8757c24d2b1\"><strong>Besoin d\u2019aide<\/strong><strong>&nbsp;<\/strong><strong>? Appelez-nous<\/strong><strong>&nbsp;<\/strong><strong>: 02 54 90 44 10<\/strong><\/p>\n","protected":false},"excerpt":{"rendered":"<p>\u00ab&nbsp;Convivialit\u00e9 et attractivit\u00e9 \u00e0 l\u2019occasion de l\u2019ouverture du nouveau th\u00e9\u00e2tre \u00e0 l\u2019horizon 2028&nbsp;\u00bb Chers publics, Depuis plus de trente ans, la Sc\u00e8ne nationale de Blois propose une programmation pluridisciplinaire \u2013 th\u00e9\u00e2tre, musique, danse&#8230; \u2013 \u00e0 la Halle aux Grains ainsi que sur l\u2019ensemble du territoire de Blois et de sa r\u00e9gion.Fid\u00e8le \u00e0 son engagement, elle &hellip; <a href=\"https:\/\/www.halleauxgrains.com\/site\/enquete-sur-les-pratiques-culturelles-a-la-scene-nationale-de-blois\/\" class=\"more-link\">Continue reading <span class=\"screen-reader-text\">ENQU\u00caTE SUR LES PRATIQUES CULTURELLES \u00c0 LA SC\u00c8NE NATIONALE DE BLOIS<\/span><\/a><\/p>\n","protected":false},"author":2,"featured_media":0,"comment_status":"closed","ping_status":"open","sticky":false,"template":"","format":"standard","meta":{"footnotes":""},"categories":[1],"tags":[],"acf":[],"yoast_head":"<!-- This site is optimized with the Yoast SEO plugin v21.6 - https:\/\/yoast.com\/wordpress\/plugins\/seo\/ -->\n<title>ENQU\u00caTE SUR LES PRATIQUES CULTURELLES \u00c0 LA SC\u00c8NE NATIONALE DE BLOIS - Halle aux grains | Sc\u00e8ne nationale de Blois<\/title>\n<meta name=\"robots\" content=\"index, follow, max-snippet:-1, max-image-preview:large, max-video-preview:-1\" \/>\n<link rel=\"canonical\" href=\"https:\/\/www.halleauxgrains.com\/site\/enquete-sur-les-pratiques-culturelles-a-la-scene-nationale-de-blois\/\" \/>\n<meta property=\"og:locale\" content=\"fr_FR\" \/>\n<meta property=\"og:type\" content=\"article\" \/>\n<meta property=\"og:title\" content=\"ENQU\u00caTE SUR LES PRATIQUES CULTURELLES \u00c0 LA SC\u00c8NE NATIONALE DE BLOIS - Halle aux grains | Sc\u00e8ne nationale de Blois\" \/>\n<meta property=\"og:description\" content=\"\u00ab&nbsp;Convivialit\u00e9 et attractivit\u00e9 \u00e0 l\u2019occasion de l\u2019ouverture du nouveau th\u00e9\u00e2tre \u00e0 l\u2019horizon 2028&nbsp;\u00bb Chers publics, Depuis plus de trente ans, la Sc\u00e8ne nationale de Blois propose une programmation pluridisciplinaire \u2013 th\u00e9\u00e2tre, musique, danse&#8230; \u2013 \u00e0 la Halle aux Grains ainsi que sur l\u2019ensemble du territoire de Blois et de sa r\u00e9gion.Fid\u00e8le \u00e0 son engagement, elle &hellip; Continue reading ENQU\u00caTE SUR LES PRATIQUES CULTURELLES \u00c0 LA SC\u00c8NE NATIONALE DE BLOIS\" \/>\n<meta property=\"og:url\" content=\"https:\/\/www.halleauxgrains.com\/site\/enquete-sur-les-pratiques-culturelles-a-la-scene-nationale-de-blois\/\" \/>\n<meta property=\"og:site_name\" content=\"Halle aux grains | Sc\u00e8ne nationale de Blois\" \/>\n<meta property=\"article:publisher\" content=\"https:\/\/www.facebook.com\/scenenationaledeblois\" \/>\n<meta property=\"article:published_time\" content=\"2025-03-20T16:08:52+00:00\" \/>\n<meta property=\"article:modified_time\" content=\"2025-03-21T13:11:06+00:00\" \/>\n<meta property=\"og:image\" content=\"https:\/\/www.halleauxgrains.com\/site\/wp-content\/uploads\/2025\/05\/Header-NL230525-VisuelSaison.jpg\" \/>\n\t<meta property=\"og:image:width\" content=\"660\" \/>\n\t<meta property=\"og:image:height\" content=\"365\" \/>\n\t<meta property=\"og:image:type\" content=\"image\/jpeg\" \/>\n<meta name=\"author\" content=\"emeline\" \/>\n<meta name=\"twitter:card\" content=\"summary_large_image\" \/>\n<meta name=\"twitter:label1\" content=\"\u00c9crit par\" \/>\n\t<meta name=\"twitter:data1\" content=\"emeline\" \/>\n\t<meta name=\"twitter:label2\" content=\"Dur\u00e9e de lecture estim\u00e9e\" \/>\n\t<meta name=\"twitter:data2\" content=\"2 minutes\" \/>\n<script type=\"application\/ld+json\" class=\"yoast-schema-graph\">{\"@context\":\"https:\/\/schema.org\",\"@graph\":[{\"@type\":\"Article\",\"@id\":\"https:\/\/www.halleauxgrains.com\/site\/enquete-sur-les-pratiques-culturelles-a-la-scene-nationale-de-blois\/#article\",\"isPartOf\":{\"@id\":\"https:\/\/www.halleauxgrains.com\/site\/enquete-sur-les-pratiques-culturelles-a-la-scene-nationale-de-blois\/\"},\"author\":{\"name\":\"emeline\",\"@id\":\"https:\/\/www.halleauxgrains.com\/site\/#\/schema\/person\/09c1117e94b9d493877526a863bcbe5e\"},\"headline\":\"ENQU\u00caTE SUR LES PRATIQUES CULTURELLES \u00c0 LA SC\u00c8NE NATIONALE DE BLOIS\",\"datePublished\":\"2025-03-20T16:08:52+00:00\",\"dateModified\":\"2025-03-21T13:11:06+00:00\",\"mainEntityOfPage\":{\"@id\":\"https:\/\/www.halleauxgrains.com\/site\/enquete-sur-les-pratiques-culturelles-a-la-scene-nationale-de-blois\/\"},\"wordCount\":292,\"publisher\":{\"@id\":\"https:\/\/www.halleauxgrains.com\/site\/#organization\"},\"inLanguage\":\"fr-FR\"},{\"@type\":\"WebPage\",\"@id\":\"https:\/\/www.halleauxgrains.com\/site\/enquete-sur-les-pratiques-culturelles-a-la-scene-nationale-de-blois\/\",\"url\":\"https:\/\/www.halleauxgrains.com\/site\/enquete-sur-les-pratiques-culturelles-a-la-scene-nationale-de-blois\/\",\"name\":\"ENQU\u00caTE SUR LES PRATIQUES CULTURELLES \u00c0 LA SC\u00c8NE NATIONALE DE BLOIS - Halle aux grains | Sc\u00e8ne nationale de Blois\",\"isPartOf\":{\"@id\":\"https:\/\/www.halleauxgrains.com\/site\/#website\"},\"datePublished\":\"2025-03-20T16:08:52+00:00\",\"dateModified\":\"2025-03-21T13:11:06+00:00\",\"breadcrumb\":{\"@id\":\"https:\/\/www.halleauxgrains.com\/site\/enquete-sur-les-pratiques-culturelles-a-la-scene-nationale-de-blois\/#breadcrumb\"},\"inLanguage\":\"fr-FR\",\"potentialAction\":[{\"@type\":\"ReadAction\",\"target\":[\"https:\/\/www.halleauxgrains.com\/site\/enquete-sur-les-pratiques-culturelles-a-la-scene-nationale-de-blois\/\"]}]},{\"@type\":\"BreadcrumbList\",\"@id\":\"https:\/\/www.halleauxgrains.com\/site\/enquete-sur-les-pratiques-culturelles-a-la-scene-nationale-de-blois\/#breadcrumb\",\"itemListElement\":[{\"@type\":\"ListItem\",\"position\":1,\"name\":\"Accueil\",\"item\":\"https:\/\/www.halleauxgrains.com\/site\/\"},{\"@type\":\"ListItem\",\"position\":2,\"name\":\"ENQU\u00caTE SUR LES PRATIQUES CULTURELLES \u00c0 LA SC\u00c8NE NATIONALE DE BLOIS\"}]},{\"@type\":\"WebSite\",\"@id\":\"https:\/\/www.halleauxgrains.com\/site\/#website\",\"url\":\"https:\/\/www.halleauxgrains.com\/site\/\",\"name\":\"Halle aux grains | Sc\u00e8ne nationale de Blois\",\"description\":\"\",\"publisher\":{\"@id\":\"https:\/\/www.halleauxgrains.com\/site\/#organization\"},\"potentialAction\":[{\"@type\":\"SearchAction\",\"target\":{\"@type\":\"EntryPoint\",\"urlTemplate\":\"https:\/\/www.halleauxgrains.com\/site\/?s={search_term_string}\"},\"query-input\":\"required name=search_term_string\"}],\"inLanguage\":\"fr-FR\"},{\"@type\":\"Organization\",\"@id\":\"https:\/\/www.halleauxgrains.com\/site\/#organization\",\"name\":\"Halle aux grains | Sc\u00e8ne nationale de Blois\",\"url\":\"https:\/\/www.halleauxgrains.com\/site\/\",\"logo\":{\"@type\":\"ImageObject\",\"inLanguage\":\"fr-FR\",\"@id\":\"https:\/\/www.halleauxgrains.com\/site\/#\/schema\/logo\/image\/\",\"url\":\"https:\/\/www.halleauxgrains.com\/site\/wp-content\/uploads\/2025\/05\/VisuelSiteAccueil.jpg\",\"contentUrl\":\"https:\/\/www.halleauxgrains.com\/site\/wp-content\/uploads\/2025\/05\/VisuelSiteAccueil.jpg\",\"width\":775,\"height\":775,\"caption\":\"Halle aux grains | Sc\u00e8ne nationale de Blois\"},\"image\":{\"@id\":\"https:\/\/www.halleauxgrains.com\/site\/#\/schema\/logo\/image\/\"},\"sameAs\":[\"https:\/\/www.facebook.com\/scenenationaledeblois\",\"https:\/\/www.instagram.com\/lahagscenenationaledeblois\",\"https:\/\/www.linkedin.com\/company\/la-halle-aux-grains-scene-nationale-de-blois\/\"]},{\"@type\":\"Person\",\"@id\":\"https:\/\/www.halleauxgrains.com\/site\/#\/schema\/person\/09c1117e94b9d493877526a863bcbe5e\",\"name\":\"emeline\",\"image\":{\"@type\":\"ImageObject\",\"inLanguage\":\"fr-FR\",\"@id\":\"https:\/\/www.halleauxgrains.com\/site\/#\/schema\/person\/image\/\",\"url\":\"https:\/\/secure.gravatar.com\/avatar\/5dcd4d9e5fe366c30f3b2bb258cdd887?s=96&d=mm&r=g\",\"contentUrl\":\"https:\/\/secure.gravatar.com\/avatar\/5dcd4d9e5fe366c30f3b2bb258cdd887?s=96&d=mm&r=g\",\"caption\":\"emeline\"},\"url\":\"https:\/\/www.halleauxgrains.com\/site\/author\/emeline\/\"}]}<\/script>\n<!-- \/ Yoast SEO plugin. -->","yoast_head_json":{"title":"ENQU\u00caTE SUR LES PRATIQUES CULTURELLES \u00c0 LA SC\u00c8NE NATIONALE DE BLOIS - Halle aux grains | Sc\u00e8ne nationale de Blois","robots":{"index":"index","follow":"follow","max-snippet":"max-snippet:-1","max-image-preview":"max-image-preview:large","max-video-preview":"max-video-preview:-1"},"canonical":"https:\/\/www.halleauxgrains.com\/site\/enquete-sur-les-pratiques-culturelles-a-la-scene-nationale-de-blois\/","og_locale":"fr_FR","og_type":"article","og_title":"ENQU\u00caTE SUR LES PRATIQUES CULTURELLES \u00c0 LA SC\u00c8NE NATIONALE DE BLOIS - Halle aux grains | Sc\u00e8ne nationale de Blois","og_description":"\u00ab&nbsp;Convivialit\u00e9 et attractivit\u00e9 \u00e0 l\u2019occasion de l\u2019ouverture du nouveau th\u00e9\u00e2tre \u00e0 l\u2019horizon 2028&nbsp;\u00bb Chers publics, Depuis plus de trente ans, la Sc\u00e8ne nationale de Blois propose une programmation pluridisciplinaire \u2013 th\u00e9\u00e2tre, musique, danse&#8230; \u2013 \u00e0 la Halle aux Grains ainsi que sur l\u2019ensemble du territoire de Blois et de sa r\u00e9gion.Fid\u00e8le \u00e0 son engagement, elle &hellip; Continue reading ENQU\u00caTE SUR LES PRATIQUES CULTURELLES \u00c0 LA SC\u00c8NE NATIONALE DE BLOIS","og_url":"https:\/\/www.halleauxgrains.com\/site\/enquete-sur-les-pratiques-culturelles-a-la-scene-nationale-de-blois\/","og_site_name":"Halle aux grains | Sc\u00e8ne nationale de Blois","article_publisher":"https:\/\/www.facebook.com\/scenenationaledeblois","article_published_time":"2025-03-20T16:08:52+00:00","article_modified_time":"2025-03-21T13:11:06+00:00","og_image":[{"width":660,"height":365,"url":"https:\/\/www.halleauxgrains.com\/site\/wp-content\/uploads\/2025\/05\/Header-NL230525-VisuelSaison.jpg","type":"image\/jpeg"}],"author":"emeline","twitter_card":"summary_large_image","twitter_misc":{"\u00c9crit par":"emeline","Dur\u00e9e de lecture estim\u00e9e":"2 minutes"},"schema":{"@context":"https:\/\/schema.org","@graph":[{"@type":"Article","@id":"https:\/\/www.halleauxgrains.com\/site\/enquete-sur-les-pratiques-culturelles-a-la-scene-nationale-de-blois\/#article","isPartOf":{"@id":"https:\/\/www.halleauxgrains.com\/site\/enquete-sur-les-pratiques-culturelles-a-la-scene-nationale-de-blois\/"},"author":{"name":"emeline","@id":"https:\/\/www.halleauxgrains.com\/site\/#\/schema\/person\/09c1117e94b9d493877526a863bcbe5e"},"headline":"ENQU\u00caTE SUR LES PRATIQUES CULTURELLES \u00c0 LA SC\u00c8NE NATIONALE DE BLOIS","datePublished":"2025-03-20T16:08:52+00:00","dateModified":"2025-03-21T13:11:06+00:00","mainEntityOfPage":{"@id":"https:\/\/www.halleauxgrains.com\/site\/enquete-sur-les-pratiques-culturelles-a-la-scene-nationale-de-blois\/"},"wordCount":292,"publisher":{"@id":"https:\/\/www.halleauxgrains.com\/site\/#organization"},"inLanguage":"fr-FR"},{"@type":"WebPage","@id":"https:\/\/www.halleauxgrains.com\/site\/enquete-sur-les-pratiques-culturelles-a-la-scene-nationale-de-blois\/","url":"https:\/\/www.halleauxgrains.com\/site\/enquete-sur-les-pratiques-culturelles-a-la-scene-nationale-de-blois\/","name":"ENQU\u00caTE SUR LES PRATIQUES CULTURELLES \u00c0 LA SC\u00c8NE NATIONALE DE BLOIS - Halle aux grains | Sc\u00e8ne nationale de Blois","isPartOf":{"@id":"https:\/\/www.halleauxgrains.com\/site\/#website"},"datePublished":"2025-03-20T16:08:52+00:00","dateModified":"2025-03-21T13:11:06+00:00","breadcrumb":{"@id":"https:\/\/www.halleauxgrains.com\/site\/enquete-sur-les-pratiques-culturelles-a-la-scene-nationale-de-blois\/#breadcrumb"},"inLanguage":"fr-FR","potentialAction":[{"@type":"ReadAction","target":["https:\/\/www.halleauxgrains.com\/site\/enquete-sur-les-pratiques-culturelles-a-la-scene-nationale-de-blois\/"]}]},{"@type":"BreadcrumbList","@id":"https:\/\/www.halleauxgrains.com\/site\/enquete-sur-les-pratiques-culturelles-a-la-scene-nationale-de-blois\/#breadcrumb","itemListElement":[{"@type":"ListItem","position":1,"name":"Accueil","item":"https:\/\/www.halleauxgrains.com\/site\/"},{"@type":"ListItem","position":2,"name":"ENQU\u00caTE SUR LES PRATIQUES CULTURELLES \u00c0 LA SC\u00c8NE NATIONALE DE BLOIS"}]},{"@type":"WebSite","@id":"https:\/\/www.halleauxgrains.com\/site\/#website","url":"https:\/\/www.halleauxgrains.com\/site\/","name":"Halle aux grains | Sc\u00e8ne nationale de Blois","description":"","publisher":{"@id":"https:\/\/www.halleauxgrains.com\/site\/#organization"},"potentialAction":[{"@type":"SearchAction","target":{"@type":"EntryPoint","urlTemplate":"https:\/\/www.halleauxgrains.com\/site\/?s={search_term_string}"},"query-input":"required name=search_term_string"}],"inLanguage":"fr-FR"},{"@type":"Organization","@id":"https:\/\/www.halleauxgrains.com\/site\/#organization","name":"Halle aux grains | Sc\u00e8ne nationale de Blois","url":"https:\/\/www.halleauxgrains.com\/site\/","logo":{"@type":"ImageObject","inLanguage":"fr-FR","@id":"https:\/\/www.halleauxgrains.com\/site\/#\/schema\/logo\/image\/","url":"https:\/\/www.halleauxgrains.com\/site\/wp-content\/uploads\/2025\/05\/VisuelSiteAccueil.jpg","contentUrl":"https:\/\/www.halleauxgrains.com\/site\/wp-content\/uploads\/2025\/05\/VisuelSiteAccueil.jpg","width":775,"height":775,"caption":"Halle aux grains | Sc\u00e8ne nationale de Blois"},"image":{"@id":"https:\/\/www.halleauxgrains.com\/site\/#\/schema\/logo\/image\/"},"sameAs":["https:\/\/www.facebook.com\/scenenationaledeblois","https:\/\/www.instagram.com\/lahagscenenationaledeblois","https:\/\/www.linkedin.com\/company\/la-halle-aux-grains-scene-nationale-de-blois\/"]},{"@type":"Person","@id":"https:\/\/www.halleauxgrains.com\/site\/#\/schema\/person\/09c1117e94b9d493877526a863bcbe5e","name":"emeline","image":{"@type":"ImageObject","inLanguage":"fr-FR","@id":"https:\/\/www.halleauxgrains.com\/site\/#\/schema\/person\/image\/","url":"https:\/\/secure.gravatar.com\/avatar\/5dcd4d9e5fe366c30f3b2bb258cdd887?s=96&d=mm&r=g","contentUrl":"https:\/\/secure.gravatar.com\/avatar\/5dcd4d9e5fe366c30f3b2bb258cdd887?s=96&d=mm&r=g","caption":"emeline"},"url":"https:\/\/www.halleauxgrains.com\/site\/author\/emeline\/"}]}},"publishpress_future_action":{"enabled":false,"date":"1970-01-01 01:00:00","action":"","terms":[],"taxonomy":"","browser_timezone_offset":0},"_links":{"self":[{"href":"https:\/\/www.halleauxgrains.com\/site\/wp-json\/wp\/v2\/posts\/7514"}],"collection":[{"href":"https:\/\/www.halleauxgrains.com\/site\/wp-json\/wp\/v2\/posts"}],"about":[{"href":"https:\/\/www.halleauxgrains.com\/site\/wp-json\/wp\/v2\/types\/post"}],"author":[{"embeddable":true,"href":"https:\/\/www.halleauxgrains.com\/site\/wp-json\/wp\/v2\/users\/2"}],"replies":[{"embeddable":true,"href":"https:\/\/www.halleauxgrains.com\/site\/wp-json\/wp\/v2\/comments?post=7514"}],"version-history":[{"count":3,"href":"https:\/\/www.halleauxgrains.com\/site\/wp-json\/wp\/v2\/posts\/7514\/revisions"}],"predecessor-version":[{"id":7519,"href":"https:\/\/www.halleauxgrains.com\/site\/wp-json\/wp\/v2\/posts\/7514\/revisions\/7519"}],"wp:attachment":[{"href":"https:\/\/www.halleauxgrains.com\/site\/wp-json\/wp\/v2\/media?parent=7514"}],"wp:term":[{"taxonomy":"category","embeddable":true,"href":"https:\/\/www.halleauxgrains.com\/site\/wp-json\/wp\/v2\/categories?post=7514"},{"taxonomy":"post_tag","embeddable":true,"href":"https:\/\/www.halleauxgrains.com\/site\/wp-json\/wp\/v2\/tags?post=7514"}],"curies":[{"name":"wp","href":"https:\/\/api.w.org\/{rel}","templated":true}]}}